{"id":69094,"date":"2026-04-30T09:30:04","date_gmt":"2026-04-30T15:30:04","guid":{"rendered":"https:\/\/saluddigital.com\/?p=69094"},"modified":"2026-04-30T09:34:19","modified_gmt":"2026-04-30T15:34:19","slug":"estudio-muestra-que-el-ritmo-al-que-envejece-el-rostro-predice-la-supervivencia-en-pacientes-con-cancer","status":"publish","type":"post","link":"https:\/\/saluddigital.com\/en\/noticias\/estudio-muestra-que-el-ritmo-al-que-envejece-el-rostro-predice-la-supervivencia-en-pacientes-con-cancer\/","title":{"rendered":"Estudio muestra que el ritmo al que envejece el rostro predice la supervivencia en pacientes con c\u00e1ncer"},"content":{"rendered":"<div data-elementor-type=\"wp-post\" data-elementor-id=\"69094\" class=\"elementor elementor-69094\" data-elementor-post-type=\"post\">\n\t\t\t\t\t\t<section class=\"elementor-section elementor-top-section elementor-element elementor-element-1bf6fe00 elementor-section-boxed elementor-section-height-default elementor-section-height-default wpr-particle-no wpr-jarallax-no wpr-parallax-no wpr-sticky-section-no wpr-equal-height-no\" data-id=\"1bf6fe00\" data-element_type=\"section\" data-e-type=\"section\">\n\t\t\t\t\t\t<div class=\"elementor-container elementor-column-gap-default\">\n\t\t\t\t\t<div class=\"elementor-column elementor-col-100 elementor-top-column elementor-element elementor-element-568706f9\" data-id=\"568706f9\" data-element_type=\"column\" data-e-type=\"column\">\n\t\t\t<div class=\"elementor-widget-wrap elementor-element-populated\">\n\t\t\t\t\t\t<div class=\"elementor-element elementor-element-55c916ef elementor-widget elementor-widget-heading\" data-id=\"55c916ef\" data-element_type=\"widget\" data-e-type=\"widget\" data-widget_type=\"heading.default\">\n\t\t\t\t<div class=\"elementor-widget-container\">\n\t\t\t\t\t<h2 class=\"elementor-heading-title elementor-size-default\">Investigadores de Mass General Brigham desarrollan un nuevo indicador basado en fotograf\u00edas seriadas que captura cambios din\u00e1micos en la edad biol\u00f3gica.<\/h2>\t\t\t\t<\/div>\n\t\t\t\t<\/div>\n\t\t\t\t\t<\/div>\n\t\t<\/div>\n\t\t\t\t\t<\/div>\n\t\t<\/section>\n\t\t\t\t<section class=\"elementor-section elementor-top-section elementor-element elementor-element-33254909 elementor-section-boxed elementor-section-height-default elementor-section-height-default wpr-particle-no wpr-jarallax-no wpr-parallax-no wpr-sticky-section-no wpr-equal-height-no\" data-id=\"33254909\" data-element_type=\"section\" data-e-type=\"section\">\n\t\t\t\t\t\t<div class=\"elementor-container elementor-column-gap-default\">\n\t\t\t\t\t<div class=\"elementor-column elementor-col-100 elementor-top-column elementor-element elementor-element-70982b31\" data-id=\"70982b31\" data-element_type=\"column\" data-e-type=\"column\">\n\t\t\t<div class=\"elementor-widget-wrap elementor-element-populated\">\n\t\t\t\t\t\t<div class=\"elementor-element elementor-element-4ca8b1ed elementor-widget elementor-widget-text-editor\" data-id=\"4ca8b1ed\" data-element_type=\"widget\" data-e-type=\"widget\" data-widget_type=\"text-editor.default\">\n\t\t\t\t<div class=\"elementor-widget-container\">\n\t\t\t\t\t\t\t\t\t<p>El mismo equipo que demostr\u00f3 el a\u00f1o pasado que la inteligencia artificial (IA) puede estimar la edad biol\u00f3gica de una persona a partir de una fotograf\u00eda del rostro va m\u00e1s all\u00e1 en un nuevo estudio publicado en <a href=\"https:\/\/www.nature.com\/articles\/s41467-025-66758-w\"><em>Nature Communications<\/em><\/a>. En esta ocasi\u00f3n, los investigadores de Mass General Brigham no se limitan a medir cu\u00e1ntos a\u00f1os aparenta un paciente en un momento determinado, sino que analizan la velocidad a la que ese envejecimiento avanza entre dos fotograf\u00edas tomadas en distintos momentos de su tratamiento. El resultado es un indicador llamado Face Aging Rate (FAR), que result\u00f3 ser un predictor significativo de la supervivencia en pacientes con c\u00e1ncer.<\/p><p>El estudio analiz\u00f3 datos de 2,276 pacientes con c\u00e1ncer que recibieron al menos dos ciclos de radioterapia en el hospital Brigham and Women&#8217;s de Boston entre 2012 y 2023. Como parte del protocolo cl\u00ednico habitual, a cada paciente se le tomaba una fotograf\u00eda al inicio de cada ciclo de tratamiento. <a href=\"https:\/\/saluddigital.com\/big-data\/ia-utiliza-fotos-del-rostro-para-estimar-edad-biologica-y-predecir-resultados-del-cancer\/\">El equipo utiliz\u00f3 FaceAge, el algoritmo de aprendizaje profundo\u00a0 o<em> deep learning <\/em>que estiman la edad biol\u00f3gica a partir de rasgos faciales<\/a>, para calcular la edad biol\u00f3gica en cada una de esas dos fotograf\u00edas. La diferencia entre ambas estimaciones, dividida entre el tiempo transcurrido entre las dos im\u00e1genes, dio lugar al FAR. Un valor superior a 1 indica envejecimiento acelerado; inferior a 1, envejecimiento m\u00e1s lento de lo esperado.<\/p>\t\t\t\t\t\t\t\t<\/div>\n\t\t\t\t<\/div>\n\t\t\t\t\t<\/div>\n\t\t<\/div>\n\t\t\t\t\t<\/div>\n\t\t<\/section>\n\t\t\t\t<section class=\"elementor-section elementor-top-section elementor-element elementor-element-5f679717 elementor-section-boxed elementor-section-height-default elementor-section-height-default wpr-particle-no wpr-jarallax-no wpr-parallax-no wpr-sticky-section-no wpr-equal-height-no\" data-id=\"5f679717\" data-element_type=\"section\" data-e-type=\"section\">\n\t\t\t\t\t\t<div class=\"elementor-container elementor-column-gap-default\">\n\t\t\t\t\t<div class=\"elementor-column elementor-col-50 elementor-top-column elementor-element elementor-element-4f1b0c4e\" data-id=\"4f1b0c4e\" data-element_type=\"column\" data-e-type=\"column\">\n\t\t\t<div class=\"elementor-widget-wrap elementor-element-populated\">\n\t\t\t\t\t\t<div class=\"elementor-element elementor-element-d11120f elementor-widget elementor-widget-text-editor\" data-id=\"d11120f\" data-element_type=\"widget\" data-e-type=\"widget\" data-widget_type=\"text-editor.default\">\n\t\t\t\t<div class=\"elementor-widget-container\">\n\t\t\t\t\t\t\t\t\t<p>Los resultados mostraron que los pacientes con un FAR elevado ten\u00edan una supervivencia significativamente peor en todos los intervalos de tiempo analizados. En el grupo con mayor separaci\u00f3n temporal entre fotograf\u00edas, entre dos y cuatro a\u00f1os, la supervivencia media fue de 15.2 meses para quienes mostraban envejecimiento acelerado, frente a 36.5 meses para quienes no lo mostraban. Esta asociaci\u00f3n se mantuvo tras ajustar estad\u00edsticamente por sexo, raza, tipo de c\u00e1ncer e intervalo entre fotograf\u00edas, lo que sugiere que el FAR aporta informaci\u00f3n pron\u00f3stica independiente de otros factores cl\u00ednicos conocidos. Adem\u00e1s, el indicador demostr\u00f3 ser m\u00e1s informativo que la medici\u00f3n de la edad biol\u00f3gica en un \u00fanico punto temporal, y su ventaja fue mayor cuanto m\u00e1s largo era el intervalo entre las fotograf\u00edas.<\/p>\t\t\t\t\t\t\t\t<\/div>\n\t\t\t\t<\/div>\n\t\t\t\t\t<\/div>\n\t\t<\/div>\n\t\t\t\t<div class=\"elementor-column elementor-col-50 elementor-top-column elementor-element elementor-element-19e7b486\" data-id=\"19e7b486\" data-element_type=\"column\" data-e-type=\"column\">\n\t\t\t<div class=\"elementor-widget-wrap elementor-element-populated\">\n\t\t\t\t\t\t<div class=\"elementor-element elementor-element-445fa5ec elementor-widget elementor-widget-image\" data-id=\"445fa5ec\" data-element_type=\"widget\" data-e-type=\"widget\" data-widget_type=\"image.default\">\n\t\t\t\t<div class=\"elementor-widget-container\">\n\t\t\t\t\t\t\t\t\t\t\t\t\t\t\t<img fetchpriority=\"high\" decoding=\"async\" width=\"1200\" height=\"630\" src=\"https:\/\/saluddigital.com\/wp-content\/uploads\/2026\/04\/04-26-40.jpg\" class=\"attachment-full size-full wp-image-69096\" alt=\"\" \/>\t\t\t\t\t\t\t\t\t\t\t\t\t\t\t<\/div>\n\t\t\t\t<\/div>\n\t\t\t\t\t<\/div>\n\t\t<\/div>\n\t\t\t\t\t<\/div>\n\t\t<\/section>\n\t\t\t\t<section class=\"elementor-section elementor-top-section elementor-element elementor-element-1801ad9e elementor-section-boxed elementor-section-height-default elementor-section-height-default wpr-particle-no wpr-jarallax-no wpr-parallax-no wpr-sticky-section-no wpr-equal-height-no\" data-id=\"1801ad9e\" data-element_type=\"section\" data-e-type=\"section\">\n\t\t\t\t\t\t<div class=\"elementor-container elementor-column-gap-default\">\n\t\t\t\t\t<div class=\"elementor-column elementor-col-100 elementor-top-column elementor-element elementor-element-20fa7e01\" data-id=\"20fa7e01\" data-element_type=\"column\" data-e-type=\"column\">\n\t\t\t<div class=\"elementor-widget-wrap elementor-element-populated\">\n\t\t\t\t\t\t<div class=\"elementor-element elementor-element-3826dbbc elementor-widget elementor-widget-text-editor\" data-id=\"3826dbbc\" data-element_type=\"widget\" data-e-type=\"widget\" data-widget_type=\"text-editor.default\">\n\t\t\t\t<div class=\"elementor-widget-container\">\n\t\t\t\t\t\t\t\t\t<p>El Dr. Raymond Mak, onc\u00f3logo radioterapeuta de Mass General Brigham Cancer Institute y coautor principal del estudio, se\u00f1al\u00f3 que obtener la tasa de envejecimiento facial a partir de fotograf\u00edas cl\u00ednicas de rutina permite hacer un seguimiento casi en tiempo real de la salud de cada paciente. \u201cNuestro estudio sugiere que medir FaceAge a lo largo del tiempo podr\u00eda refinar la planificaci\u00f3n personalizada del tratamiento, mejorar la orientaci\u00f3n al paciente y ayudar a guiar la frecuencia e intensidad del seguimiento en oncolog\u00eda\u201d, precis\u00f3.<\/p><p>Los autores reconocen limitaciones relevantes, por ejemplo, que la cohorte estudiada es predominantemente de pacientes blancos y de edad avanzada, lo que restringe la generalizaci\u00f3n de los hallazgos a poblaciones m\u00e1s diversas. Tampoco se dispon\u00eda de informaci\u00f3n detallada sobre la progresi\u00f3n de la enfermedad ni sobre toxicidades espec\u00edficas del tratamiento, variables que podr\u00edan influir en la relaci\u00f3n observada entre el envejecimiento facial y la supervivencia. El estudio tampoco ha sido validado a\u00fan en ensayos cl\u00ednicos prospectivos. Los investigadores se\u00f1alan que ser\u00e1 necesario abordar adem\u00e1s consideraciones \u00e9ticas relacionadas con el uso de im\u00e1genes faciales en contextos cl\u00ednicos, incluyendo la privacidad de los datos y el riesgo de sesgos en sistemas de reconocimiento facial basados en IA.<\/p>\t\t\t\t\t\t\t\t<\/div>\n\t\t\t\t<\/div>\n\t\t\t\t\t<\/div>\n\t\t<\/div>\n\t\t\t\t\t<\/div>\n\t\t<\/section>\n\t\t\t\t<section class=\"elementor-section elementor-top-section elementor-element elementor-element-39069e5 elementor-section-boxed elementor-section-height-default elementor-section-height-default wpr-particle-no wpr-jarallax-no wpr-parallax-no wpr-sticky-section-no wpr-equal-height-no\" data-id=\"39069e5\" data-element_type=\"section\" data-e-type=\"section\">\n\t\t\t\t\t\t<div class=\"elementor-container elementor-column-gap-default\">\n\t\t\t\t\t<div class=\"elementor-column elementor-col-100 elementor-top-column elementor-element elementor-element-5916bd48\" data-id=\"5916bd48\" data-element_type=\"column\" data-e-type=\"column\">\n\t\t\t<div class=\"elementor-widget-wrap elementor-element-populated\">\n\t\t\t\t\t\t<div class=\"elementor-element elementor-element-282f66 elementor-widget elementor-widget-toggle\" data-id=\"282f66\" data-element_type=\"widget\" data-e-type=\"widget\" data-widget_type=\"toggle.default\">\n\t\t\t\t<div class=\"elementor-widget-container\">\n\t\t\t\t\t\t\t<div class=\"elementor-toggle\">\n\t\t\t\t\t\t\t<div class=\"elementor-toggle-item\">\n\t\t\t\t\t<div id=\"elementor-tab-title-2631\" class=\"elementor-tab-title\" data-tab=\"1\" role=\"button\" aria-controls=\"elementor-tab-content-2631\" aria-expanded=\"false\">\n\t\t\t\t\t\t\t\t\t\t\t\t<span class=\"elementor-toggle-icon elementor-toggle-icon-left\" aria-hidden=\"true\">\n\t\t\t\t\t\t\t\t\t\t\t\t\t\t\t<span class=\"elementor-toggle-icon-closed\"><i class=\"fas fa-caret-right\"><\/i><\/span>\n\t\t\t\t\t\t\t\t<span class=\"elementor-toggle-icon-opened\"><i class=\"elementor-toggle-icon-opened fas fa-caret-up\"><\/i><\/span>\n\t\t\t\t\t\t\t\t\t\t\t\t\t<\/span>\n\t\t\t\t\t\t\t\t\t\t\t\t<a class=\"elementor-toggle-title\" tabindex=\"0\"> BIBLIOGRAPHY<\/a>\n\t\t\t\t\t<\/div>\n\n\t\t\t\t\t<div id=\"elementor-tab-content-2631\" class=\"elementor-tab-content elementor-clearfix\" data-tab=\"1\" role=\"region\" aria-labelledby=\"elementor-tab-title-2631\"><p><strong>MASS GENERAL BRIGHAM<\/strong><\/p><p><a href=\"https:\/\/www.massgeneralbrigham.org\/en\/about\/newsroom\/press-releases\/faceage-tool-face-aging-rate-cancer-biomarker\">https:\/\/www.massgeneralbrigham.org\/en\/about\/newsroom\/press-releases\/faceage-tool-face-aging-rate-cancer-biomarker<\/a><\/p><p><strong>NATURE<\/strong><\/p><p><a href=\"https:\/\/www.nature.com\/articles\/s41467-025-66758-w\">https:\/\/www.nature.com\/articles\/s41467-025-66758-w<\/a><\/p><\/div>\n\t\t\t\t<\/div>\n\t\t\t\t\t\t\t\t<\/div>\n\t\t\t\t\t\t<\/div>\n\t\t\t\t<\/div>\n\t\t\t\t\t<\/div>\n\t\t<\/div>\n\t\t\t\t\t<\/div>\n\t\t<\/section>\n\t\t\t\t<\/div>","protected":false},"excerpt":{"rendered":"<p>Estudio muestra que el ritmo al que envejece el rostro predice la supervivencia en pacientes con c\u00e1ncer a trav\u00e9s de Face Aging Rate.<\/p>","protected":false},"author":1,"featured_media":69096,"comment_status":"closed","ping_status":"closed","sticky":false,"template":"","format":"standard","meta":{"footnotes":""},"categories":[3395,160],"tags":[145],"class_list":["post-69094","post","type-post","status-publish","format-standard","has-post-thumbnail","hentry","category-apps-moviles-e-internet-de-las-cosas","category-noticias","tag-noticias"],"aioseo_notices":[],"_links":{"self":[{"href":"https:\/\/saluddigital.com\/en\/wp-json\/wp\/v2\/posts\/69094","targetHints":{"allow":["GET"]}}],"collection":[{"href":"https:\/\/saluddigital.com\/en\/wp-json\/wp\/v2\/posts"}],"about":[{"href":"https:\/\/saluddigital.com\/en\/wp-json\/wp\/v2\/types\/post"}],"author":[{"embeddable":true,"href":"https:\/\/saluddigital.com\/en\/wp-json\/wp\/v2\/users\/1"}],"replies":[{"embeddable":true,"href":"https:\/\/saluddigital.com\/en\/wp-json\/wp\/v2\/comments?post=69094"}],"version-history":[{"count":5,"href":"https:\/\/saluddigital.com\/en\/wp-json\/wp\/v2\/posts\/69094\/revisions"}],"predecessor-version":[{"id":69101,"href":"https:\/\/saluddigital.com\/en\/wp-json\/wp\/v2\/posts\/69094\/revisions\/69101"}],"wp:featuredmedia":[{"embeddable":true,"href":"https:\/\/saluddigital.com\/en\/wp-json\/wp\/v2\/media\/69096"}],"wp:attachment":[{"href":"https:\/\/saluddigital.com\/en\/wp-json\/wp\/v2\/media?parent=69094"}],"wp:term":[{"taxonomy":"category","embeddable":true,"href":"https:\/\/saluddigital.com\/en\/wp-json\/wp\/v2\/categories?post=69094"},{"taxonomy":"post_tag","embeddable":true,"href":"https:\/\/saluddigital.com\/en\/wp-json\/wp\/v2\/tags?post=69094"}],"curies":[{"name":"wp","href":"https:\/\/api.w.org\/{rel}","templated":true}]}}