{"id":69016,"date":"2026-04-27T09:37:22","date_gmt":"2026-04-27T15:37:22","guid":{"rendered":"https:\/\/saluddigital.com\/?p=69016"},"modified":"2026-04-27T09:41:10","modified_gmt":"2026-04-27T15:41:10","slug":"imss-impulsa-el-oncocrean-del-cmn-occidente-con-medicina-de-precision-para-atencion-del-cancer-infantil","status":"publish","type":"post","link":"https:\/\/saluddigital.com\/en\/noticias\/imss-impulsa-el-oncocrean-del-cmn-occidente-con-medicina-de-precision-para-atencion-del-cancer-infantil\/","title":{"rendered":"IMSS impulsa el OncoCREAN del CMN Occidente con medicina de precisi\u00f3n para atenci\u00f3n del c\u00e1ncer infantil"},"content":{"rendered":"<div data-elementor-type=\"wp-post\" data-elementor-id=\"69016\" class=\"elementor elementor-69016\" data-elementor-post-type=\"post\">\n\t\t\t\t\t\t<section class=\"elementor-section elementor-top-section elementor-element elementor-element-a4a84f7 elementor-section-boxed elementor-section-height-default elementor-section-height-default wpr-particle-no wpr-jarallax-no wpr-parallax-no wpr-sticky-section-no wpr-equal-height-no\" data-id=\"a4a84f7\" data-element_type=\"section\" data-e-type=\"section\">\n\t\t\t\t\t\t<div class=\"elementor-container elementor-column-gap-default\">\n\t\t\t\t\t<div class=\"elementor-column elementor-col-100 elementor-top-column elementor-element elementor-element-23b83c43\" data-id=\"23b83c43\" data-element_type=\"column\" data-e-type=\"column\">\n\t\t\t<div class=\"elementor-widget-wrap elementor-element-populated\">\n\t\t\t\t\t\t<div class=\"elementor-element elementor-element-38f98b69 elementor-widget elementor-widget-heading\" data-id=\"38f98b69\" data-element_type=\"widget\" data-e-type=\"widget\" data-widget_type=\"heading.default\">\n\t\t\t\t<div class=\"elementor-widget-container\">\n\t\t\t\t\t<h2 class=\"elementor-heading-title elementor-size-default\">El proyecto contempla la ampliaci\u00f3n de camas, una unidad de trasplante de c\u00e9lulas troncales y una cl\u00ednica especializada para adolescentes y adultos j\u00f3venes.<\/h2>\t\t\t\t<\/div>\n\t\t\t\t<\/div>\n\t\t\t\t\t<\/div>\n\t\t<\/div>\n\t\t\t\t\t<\/div>\n\t\t<\/section>\n\t\t\t\t<section class=\"elementor-section elementor-top-section elementor-element elementor-element-528c2341 elementor-section-boxed elementor-section-height-default elementor-section-height-default wpr-particle-no wpr-jarallax-no wpr-parallax-no wpr-sticky-section-no wpr-equal-height-no\" data-id=\"528c2341\" data-element_type=\"section\" data-e-type=\"section\">\n\t\t\t\t\t\t<div class=\"elementor-container elementor-column-gap-default\">\n\t\t\t\t\t<div class=\"elementor-column elementor-col-100 elementor-top-column elementor-element elementor-element-6c3cd9f6\" data-id=\"6c3cd9f6\" data-element_type=\"column\" data-e-type=\"column\">\n\t\t\t<div class=\"elementor-widget-wrap elementor-element-populated\">\n\t\t\t\t\t\t<div class=\"elementor-element elementor-element-1ea31999 elementor-widget elementor-widget-text-editor\" data-id=\"1ea31999\" data-element_type=\"widget\" data-e-type=\"widget\" data-widget_type=\"text-editor.default\">\n\t\t\t\t<div class=\"elementor-widget-container\">\n\t\t\t\t\t\t\t\t\t<p>El Instituto Mexicano del Seguro Social (IMSS) avanza en la transformaci\u00f3n del Centro de Referencia Estatal para la Atenci\u00f3n del Ni\u00f1o y la Ni\u00f1a con C\u00e1ncer (OncoCREAN) del Hospital de Pediatr\u00eda del Centro M\u00e9dico Nacional Occidente, en Jalisco. El nuevo modelo de alta especialidad incorpora <strong>medicina<\/strong><strong> de precisi\u00f3n para la atenci\u00f3n de patolog\u00edas oncol\u00f3gicas de mayor complejidad<\/strong> y busca consolidar al hospital como referente nacional en oncolog\u00eda pedi\u00e1trica.<\/p><p>La informaci\u00f3n fue presentada durante la sesi\u00f3n 192 del grupo de trabajo para la atenci\u00f3n de menores bajo tratamiento oncol\u00f3gico, en la que la jefa de la Divisi\u00f3n de Atenci\u00f3n Oncol\u00f3gica Pedi\u00e1trica del IMSS, la Dra. Mar\u00eda de los \u00c1ngeles del Campo Mart\u00ednez, detall\u00f3 los alcances del proyecto ante autoridades de la instituci\u00f3n y representantes de madres y padres de pacientes.<\/p>\t\t\t\t\t\t\t\t<\/div>\n\t\t\t\t<\/div>\n\t\t\t\t\t<\/div>\n\t\t<\/div>\n\t\t\t\t\t<\/div>\n\t\t<\/section>\n\t\t\t\t<section class=\"elementor-section elementor-top-section elementor-element elementor-element-d717ca9 elementor-section-boxed elementor-section-height-default elementor-section-height-default wpr-particle-no wpr-jarallax-no wpr-parallax-no wpr-sticky-section-no wpr-equal-height-no\" data-id=\"d717ca9\" data-element_type=\"section\" data-e-type=\"section\">\n\t\t\t\t\t\t<div class=\"elementor-container elementor-column-gap-default\">\n\t\t\t\t\t<div class=\"elementor-column elementor-col-100 elementor-top-column elementor-element elementor-element-36f7bd92\" data-id=\"36f7bd92\" data-element_type=\"column\" data-e-type=\"column\">\n\t\t\t<div class=\"elementor-widget-wrap elementor-element-populated\">\n\t\t\t\t\t\t<div class=\"elementor-element elementor-element-50b95ced elementor-widget elementor-widget-image\" data-id=\"50b95ced\" data-element_type=\"widget\" data-e-type=\"widget\" data-widget_type=\"image.default\">\n\t\t\t\t<div class=\"elementor-widget-container\">\n\t\t\t\t\t\t\t\t\t\t\t\t\t\t\t<img fetchpriority=\"high\" decoding=\"async\" width=\"1200\" height=\"630\" src=\"https:\/\/saluddigital.com\/wp-content\/uploads\/2026\/04\/04-26-34.jpg\" class=\"attachment-full size-full wp-image-69018\" alt=\"\" \/>\t\t\t\t\t\t\t\t\t\t\t\t\t\t\t<\/div>\n\t\t\t\t<\/div>\n\t\t\t\t\t<\/div>\n\t\t<\/div>\n\t\t\t\t\t<\/div>\n\t\t<\/section>\n\t\t\t\t<section class=\"elementor-section elementor-top-section elementor-element elementor-element-24f8d100 elementor-section-boxed elementor-section-height-default elementor-section-height-default wpr-particle-no wpr-jarallax-no wpr-parallax-no wpr-sticky-section-no wpr-equal-height-no\" data-id=\"24f8d100\" data-element_type=\"section\" data-e-type=\"section\">\n\t\t\t\t\t\t<div class=\"elementor-container elementor-column-gap-default\">\n\t\t\t\t\t<div class=\"elementor-column elementor-col-100 elementor-top-column elementor-element elementor-element-13551b75\" data-id=\"13551b75\" data-element_type=\"column\" data-e-type=\"column\">\n\t\t\t<div class=\"elementor-widget-wrap elementor-element-populated\">\n\t\t\t\t\t\t<div class=\"elementor-element elementor-element-d9ecce3 elementor-widget elementor-widget-text-editor\" data-id=\"d9ecce3\" data-element_type=\"widget\" data-e-type=\"widget\" data-widget_type=\"text-editor.default\">\n\t\t\t\t<div class=\"elementor-widget-container\">\n\t\t\t\t\t\t\t\t\t<p>Entre las principales acciones previstas destaca la ampliaci\u00f3n a 50 camas censables, medida que responde a la creciente demanda de atenci\u00f3n especializada proveniente de diversas entidades del pa\u00eds. El proyecto tambi\u00e9n contempla la incorporaci\u00f3n de una <strong>Unidad de Trasplante de C\u00e9lulas Troncales Hematopoy\u00e9ticas<\/strong>, con la que el hospital podr\u00e1 ofrecer tratamientos avanzados para pacientes con enfermedades hematol\u00f3gicas y oncol\u00f3gicas de alta complejidad. De manera complementaria, se implementar\u00e1 una Cl\u00ednica de Adolescentes y Adultos J\u00f3venes, con un enfoque que integra atenci\u00f3n m\u00e9dica, psicol\u00f3gica y social durante el proceso de tratamiento.<\/p><p>Asimismo, se continuar\u00e1 impulsando la formaci\u00f3n continua del personal de salud en medicina de precisi\u00f3n y trabajo multidisciplinario forma parte tambi\u00e9n de la estrategia institucional.<\/p><p>En la misma sesi\u00f3n, Faustino Gardu\u00f1o Gonz\u00e1lez, jefe de la Divisi\u00f3n de Servicios Digitales y de Informaci\u00f3n para el Cuidado Digital de la Salud del IMSS, inform\u00f3 que en las \u00faltimas semanas se incorporaron 129 personas derechohabientes a la plataforma de registro de tratamientos oncol\u00f3gicos, con lo que la cifra total asciende a 25 mil 818 pacientes atendidos en 82 hospitales, 16 Unidades M\u00e9dicas de Alta Especialidad y 66 unidades de segundo nivel. Del total, 31% corresponde a pacientes pedi\u00e1tricos y 69% a personas adultas.<\/p>\t\t\t\t\t\t\t\t<\/div>\n\t\t\t\t<\/div>\n\t\t\t\t\t<\/div>\n\t\t<\/div>\n\t\t\t\t\t<\/div>\n\t\t<\/section>\n\t\t\t\t<section class=\"elementor-section elementor-top-section elementor-element elementor-element-15e9811a elementor-section-boxed elementor-section-height-default elementor-section-height-default wpr-particle-no wpr-jarallax-no wpr-parallax-no wpr-sticky-section-no wpr-equal-height-no\" data-id=\"15e9811a\" data-element_type=\"section\" data-e-type=\"section\">\n\t\t\t\t\t\t<div class=\"elementor-container elementor-column-gap-default\">\n\t\t\t\t\t<div class=\"elementor-column elementor-col-100 elementor-top-column elementor-element elementor-element-5066ac52\" data-id=\"5066ac52\" data-element_type=\"column\" data-e-type=\"column\">\n\t\t\t<div class=\"elementor-widget-wrap elementor-element-populated\">\n\t\t\t\t\t\t<div class=\"elementor-element elementor-element-2a9e930 elementor-widget elementor-widget-toggle\" data-id=\"2a9e930\" data-element_type=\"widget\" data-e-type=\"widget\" data-widget_type=\"toggle.default\">\n\t\t\t\t<div class=\"elementor-widget-container\">\n\t\t\t\t\t\t\t<div class=\"elementor-toggle\">\n\t\t\t\t\t\t\t<div class=\"elementor-toggle-item\">\n\t\t\t\t\t<div id=\"elementor-tab-title-4461\" class=\"elementor-tab-title\" data-tab=\"1\" role=\"button\" aria-controls=\"elementor-tab-content-4461\" aria-expanded=\"false\">\n\t\t\t\t\t\t\t\t\t\t\t\t<span class=\"elementor-toggle-icon elementor-toggle-icon-left\" aria-hidden=\"true\">\n\t\t\t\t\t\t\t\t\t\t\t\t\t\t\t<span class=\"elementor-toggle-icon-closed\"><i class=\"fas fa-caret-right\"><\/i><\/span>\n\t\t\t\t\t\t\t\t<span class=\"elementor-toggle-icon-opened\"><i class=\"elementor-toggle-icon-opened fas fa-caret-up\"><\/i><\/span>\n\t\t\t\t\t\t\t\t\t\t\t\t\t<\/span>\n\t\t\t\t\t\t\t\t\t\t\t\t<a class=\"elementor-toggle-title\" tabindex=\"0\"> BIBLIOGRAPHY<\/a>\n\t\t\t\t\t<\/div>\n\n\t\t\t\t\t<div id=\"elementor-tab-content-4461\" class=\"elementor-tab-content elementor-clearfix\" data-tab=\"1\" role=\"region\" aria-labelledby=\"elementor-tab-title-4461\"><p><strong>IMSS<\/strong><\/p><p><a href=\"https:\/\/www.imss.gob.mx\/prensa\/archivo\/202604\/219\">https:\/\/www.imss.gob.mx\/prensa\/archivo\/202604\/219<\/a><\/p><\/div>\n\t\t\t\t<\/div>\n\t\t\t\t\t\t\t\t<\/div>\n\t\t\t\t\t\t<\/div>\n\t\t\t\t<\/div>\n\t\t\t\t\t<\/div>\n\t\t<\/div>\n\t\t\t\t\t<\/div>\n\t\t<\/section>\n\t\t\t\t<\/div>","protected":false},"excerpt":{"rendered":"<p>IMSS impulsa el OncoCREAN del CMN Occidente  en Jalisco con medicina de precisi\u00f3n para atenci\u00f3n del c\u00e1ncer infantil.<\/p>","protected":false},"author":1,"featured_media":69018,"comment_status":"closed","ping_status":"closed","sticky":false,"template":"","format":"standard","meta":{"footnotes":""},"categories":[160,3396],"tags":[145],"class_list":["post-69016","post","type-post","status-publish","format-standard","has-post-thumbnail","hentry","category-noticias","category-uso-de-plataformas-digitales","tag-noticias"],"aioseo_notices":[],"_links":{"self":[{"href":"https:\/\/saluddigital.com\/en\/wp-json\/wp\/v2\/posts\/69016","targetHints":{"allow":["GET"]}}],"collection":[{"href":"https:\/\/saluddigital.com\/en\/wp-json\/wp\/v2\/posts"}],"about":[{"href":"https:\/\/saluddigital.com\/en\/wp-json\/wp\/v2\/types\/post"}],"author":[{"embeddable":true,"href":"https:\/\/saluddigital.com\/en\/wp-json\/wp\/v2\/users\/1"}],"replies":[{"embeddable":true,"href":"https:\/\/saluddigital.com\/en\/wp-json\/wp\/v2\/comments?post=69016"}],"version-history":[{"count":5,"href":"https:\/\/saluddigital.com\/en\/wp-json\/wp\/v2\/posts\/69016\/revisions"}],"predecessor-version":[{"id":69022,"href":"https:\/\/saluddigital.com\/en\/wp-json\/wp\/v2\/posts\/69016\/revisions\/69022"}],"wp:featuredmedia":[{"embeddable":true,"href":"https:\/\/saluddigital.com\/en\/wp-json\/wp\/v2\/media\/69018"}],"wp:attachment":[{"href":"https:\/\/saluddigital.com\/en\/wp-json\/wp\/v2\/media?parent=69016"}],"wp:term":[{"taxonomy":"category","embeddable":true,"href":"https:\/\/saluddigital.com\/en\/wp-json\/wp\/v2\/categories?post=69016"},{"taxonomy":"post_tag","embeddable":true,"href":"https:\/\/saluddigital.com\/en\/wp-json\/wp\/v2\/tags?post=69016"}],"curies":[{"name":"wp","href":"https:\/\/api.w.org\/{rel}","templated":true}]}}