{"id":68738,"date":"2026-04-14T10:12:45","date_gmt":"2026-04-14T16:12:45","guid":{"rendered":"https:\/\/saluddigital.com\/?p=68738"},"modified":"2026-04-14T10:15:37","modified_gmt":"2026-04-14T16:15:37","slug":"brasil-lanza-el-memorial-digital-de-la-pandemia-de-covid-19-para-preservar-la-memoria-de-mas-de-700-mil-vidas-perdidas","status":"publish","type":"post","link":"https:\/\/saluddigital.com\/en\/noticias\/brasil-lanza-el-memorial-digital-de-la-pandemia-de-covid-19-para-preservar-la-memoria-de-mas-de-700-mil-vidas-perdidas\/","title":{"rendered":"Brasil lanza el Memorial Digital de la Pandemia de COVID-19 para preservar la memoria de m\u00e1s de 700 mil vidas perdidas"},"content":{"rendered":"<div data-elementor-type=\"wp-post\" data-elementor-id=\"68738\" class=\"elementor elementor-68738\" data-elementor-post-type=\"post\">\n\t\t\t\t\t\t<section class=\"elementor-section elementor-top-section elementor-element elementor-element-36f45891 elementor-section-boxed elementor-section-height-default elementor-section-height-default wpr-particle-no wpr-jarallax-no wpr-parallax-no wpr-sticky-section-no wpr-equal-height-no\" data-id=\"36f45891\" data-element_type=\"section\" data-e-type=\"section\">\n\t\t\t\t\t\t<div class=\"elementor-container elementor-column-gap-default\">\n\t\t\t\t\t<div class=\"elementor-column elementor-col-100 elementor-top-column elementor-element elementor-element-73ba825d\" data-id=\"73ba825d\" data-element_type=\"column\" data-e-type=\"column\">\n\t\t\t<div class=\"elementor-widget-wrap elementor-element-populated\">\n\t\t\t\t\t\t<div class=\"elementor-element elementor-element-64297602 elementor-widget elementor-widget-heading\" data-id=\"64297602\" data-element_type=\"widget\" data-e-type=\"widget\" data-widget_type=\"heading.default\">\n\t\t\t\t<div class=\"elementor-widget-container\">\n\t\t\t\t\t<h2 class=\"elementor-heading-title elementor-size-default\">La iniciativa del Ministerio de Salud, desarrollada en cooperaci\u00f3n con la OPS y la Universidad Estatal de Campinas, re\u00fane registros hist\u00f3ricos, cient\u00edficos y sociales sobre la pandemia en un portal de acceso p\u00fablico.<\/h2>\t\t\t\t<\/div>\n\t\t\t\t<\/div>\n\t\t\t\t\t<\/div>\n\t\t<\/div>\n\t\t\t\t\t<\/div>\n\t\t<\/section>\n\t\t\t\t<section class=\"elementor-section elementor-top-section elementor-element elementor-element-4cab1885 elementor-section-boxed elementor-section-height-default elementor-section-height-default wpr-particle-no wpr-jarallax-no wpr-parallax-no wpr-sticky-section-no wpr-equal-height-no\" data-id=\"4cab1885\" data-element_type=\"section\" data-e-type=\"section\">\n\t\t\t\t\t\t<div class=\"elementor-container elementor-column-gap-default\">\n\t\t\t\t\t<div class=\"elementor-column elementor-col-100 elementor-top-column elementor-element elementor-element-7555971f\" data-id=\"7555971f\" data-element_type=\"column\" data-e-type=\"column\">\n\t\t\t<div class=\"elementor-widget-wrap elementor-element-populated\">\n\t\t\t\t\t\t<div class=\"elementor-element elementor-element-6786f641 elementor-widget elementor-widget-text-editor\" data-id=\"6786f641\" data-element_type=\"widget\" data-e-type=\"widget\" data-widget_type=\"text-editor.default\">\n\t\t\t\t<div class=\"elementor-widget-container\">\n\t\t\t\t\t\t\t\t\t<p>En el marco del D\u00eda Mundial de la Salud, el gobierno de Brasil present\u00f3 oficialmente el <strong>Memorial Digital de la Pandemia de COVID-19<\/strong>, una plataforma en l\u00ednea destinada a preservar y dar acceso p\u00fablico a la memoria colectiva de una de las crisis sanitarias m\u00e1s graves de la historia reciente del pa\u00eds. El evento, celebrado en el Centro Cultural del Ministerio de Salud (CCMS) en Brasilia, tambi\u00e9n marc\u00f3 la reapertura de ese espacio cultural, con una agenda centrada en la memoria, la ciencia y la salud p\u00fablica. La ceremonia rindi\u00f3 homenaje a las m\u00e1s de 700 mil personas fallecidas en Brasil a causa del virus y reuni\u00f3 a autoridades de gobierno, investigadores, representantes de la sociedad civil y p\u00fablico en general.<\/p><p>El Memorial Digital es una iniciativa del Ministerio de Salud de Brasil, coordinada por el CCMS y desarrollada en cooperaci\u00f3n t\u00e9cnica con la Organizaci\u00f3n Panamericana de la Salud (OPS) a trav\u00e9s de BIREME, y en colaboraci\u00f3n con el Centro de Humanidades Digitales de la Universidad Estatal de Campinas (Unicamp). <strong>El portal re\u00fane colecciones de documentos en diversos formatos, incluyendo registros hist\u00f3ricos, contenidos t\u00e9cnico-cient\u00edficos y producciones sociales<\/strong>, con el objetivo de garantizar su preservaci\u00f3n y acceso abierto ante el riesgo de p\u00e9rdida de contenidos digitales. La plataforma busca, adem\u00e1s, valorar la diversidad de narrativas sobre la pandemia y contribuir a la construcci\u00f3n de una memoria social cr\u00edtica sobre lo ocurrido.<\/p>\t\t\t\t\t\t\t\t<\/div>\n\t\t\t\t<\/div>\n\t\t\t\t\t<\/div>\n\t\t<\/div>\n\t\t\t\t\t<\/div>\n\t\t<\/section>\n\t\t\t\t<section class=\"elementor-section elementor-top-section elementor-element elementor-element-75852c02 elementor-section-boxed elementor-section-height-default elementor-section-height-default wpr-particle-no wpr-jarallax-no wpr-parallax-no wpr-sticky-section-no wpr-equal-height-no\" data-id=\"75852c02\" data-element_type=\"section\" data-e-type=\"section\">\n\t\t\t\t\t\t<div class=\"elementor-container elementor-column-gap-default\">\n\t\t\t\t\t<div class=\"elementor-column elementor-col-100 elementor-top-column elementor-element elementor-element-7f47ddc7\" data-id=\"7f47ddc7\" data-element_type=\"column\" data-e-type=\"column\">\n\t\t\t<div class=\"elementor-widget-wrap elementor-element-populated\">\n\t\t\t\t\t\t<div class=\"elementor-element elementor-element-371c0fd5 elementor-widget elementor-widget-image\" data-id=\"371c0fd5\" data-element_type=\"widget\" data-e-type=\"widget\" data-widget_type=\"image.default\">\n\t\t\t\t<div class=\"elementor-widget-container\">\n\t\t\t\t\t\t\t\t\t\t\t\t\t\t\t<img fetchpriority=\"high\" decoding=\"async\" width=\"1200\" height=\"630\" src=\"https:\/\/saluddigital.com\/wp-content\/uploads\/2026\/04\/04-26-15.jpg\" class=\"attachment-full size-full wp-image-68741\" alt=\"\" \/>\t\t\t\t\t\t\t\t\t\t\t\t\t\t\t<\/div>\n\t\t\t\t<\/div>\n\t\t\t\t\t<\/div>\n\t\t<\/div>\n\t\t\t\t\t<\/div>\n\t\t<\/section>\n\t\t\t\t<section class=\"elementor-section elementor-top-section elementor-element elementor-element-4d54f82 elementor-section-boxed elementor-section-height-default elementor-section-height-default wpr-particle-no wpr-jarallax-no wpr-parallax-no wpr-sticky-section-no wpr-equal-height-no\" data-id=\"4d54f82\" data-element_type=\"section\" data-e-type=\"section\">\n\t\t\t\t\t\t<div class=\"elementor-container elementor-column-gap-default\">\n\t\t\t\t\t<div class=\"elementor-column elementor-col-100 elementor-top-column elementor-element elementor-element-618ae903\" data-id=\"618ae903\" data-element_type=\"column\" data-e-type=\"column\">\n\t\t\t<div class=\"elementor-widget-wrap elementor-element-populated\">\n\t\t\t\t\t\t<div class=\"elementor-element elementor-element-3306bb50 elementor-widget elementor-widget-text-editor\" data-id=\"3306bb50\" data-element_type=\"widget\" data-e-type=\"widget\" data-widget_type=\"text-editor.default\">\n\t\t\t\t<div class=\"elementor-widget-container\">\n\t\t\t\t\t\t\t\t\t<p>Durante la ceremonia de lanzamiento, el ministro de Salud, Alexandre Padilha, subray\u00f3 el car\u00e1cter p\u00fablico y simb\u00f3lico del espacio, e invit\u00f3 a la sociedad a apropiarse de \u00e9l como un lugar de memoria y construcci\u00f3n colectiva. Por su parte, en un mensaje en video, el director de la OPS, Jarbas Barbosa, destac\u00f3 el compromiso de la organizaci\u00f3n con el fortalecimiento de la respuesta regional ante futuras emergencias sanitarias y se\u00f1al\u00f3 que preservar lo vivido fortalece tambi\u00e9n la capacidad de respuesta de la sociedad frente a crisis por venir. Por su parte, el director de BIREME, Jo\u00e3o Paulo Souza, destac\u00f3 la relevancia estrat\u00e9gica de iniciativas como esta para la salud p\u00fablica, al promover el aprendizaje a partir de la experiencia acumulada y fortalecer pol\u00edticas p\u00fablicas basadas en evidencia.<\/p><p>El lanzamiento del Memorial Digital se inscribe en un conjunto m\u00e1s amplio de acciones orientadas a valorar la memoria de la pandemia y la respuesta del sistema de salud brasile\u00f1o. En el mismo evento se inauguraron monumentos conmemorativos y se present\u00f3 la <strong>Gu\u00eda Nacional para el Manejo de las Condiciones Post-COVID<\/strong> en el marco del Sistema \u00danico de Salud (SUS).<\/p><p>El portal puede consultarse en <a href=\"https:\/\/memorialdigitalcovid19.org.br\">https:\/\/memorialdigitalcovid19.org.br<\/a><\/p>\t\t\t\t\t\t\t\t<\/div>\n\t\t\t\t<\/div>\n\t\t\t\t\t<\/div>\n\t\t<\/div>\n\t\t\t\t\t<\/div>\n\t\t<\/section>\n\t\t\t\t<section class=\"elementor-section elementor-top-section elementor-element elementor-element-20bd8d42 elementor-section-boxed elementor-section-height-default elementor-section-height-default wpr-particle-no wpr-jarallax-no wpr-parallax-no wpr-sticky-section-no wpr-equal-height-no\" data-id=\"20bd8d42\" data-element_type=\"section\" data-e-type=\"section\">\n\t\t\t\t\t\t<div class=\"elementor-container elementor-column-gap-default\">\n\t\t\t\t\t<div class=\"elementor-column elementor-col-100 elementor-top-column elementor-element elementor-element-64d65f41\" data-id=\"64d65f41\" data-element_type=\"column\" data-e-type=\"column\">\n\t\t\t<div class=\"elementor-widget-wrap elementor-element-populated\">\n\t\t\t\t\t\t<div class=\"elementor-element elementor-element-e9759b6 elementor-widget elementor-widget-toggle\" data-id=\"e9759b6\" data-element_type=\"widget\" data-e-type=\"widget\" data-widget_type=\"toggle.default\">\n\t\t\t\t<div class=\"elementor-widget-container\">\n\t\t\t\t\t\t\t<div class=\"elementor-toggle\">\n\t\t\t\t\t\t\t<div class=\"elementor-toggle-item\">\n\t\t\t\t\t<div id=\"elementor-tab-title-2441\" class=\"elementor-tab-title\" data-tab=\"1\" role=\"button\" aria-controls=\"elementor-tab-content-2441\" aria-expanded=\"false\">\n\t\t\t\t\t\t\t\t\t\t\t\t<span class=\"elementor-toggle-icon elementor-toggle-icon-left\" aria-hidden=\"true\">\n\t\t\t\t\t\t\t\t\t\t\t\t\t\t\t<span class=\"elementor-toggle-icon-closed\"><i class=\"fas fa-caret-right\"><\/i><\/span>\n\t\t\t\t\t\t\t\t<span class=\"elementor-toggle-icon-opened\"><i class=\"elementor-toggle-icon-opened fas fa-caret-up\"><\/i><\/span>\n\t\t\t\t\t\t\t\t\t\t\t\t\t<\/span>\n\t\t\t\t\t\t\t\t\t\t\t\t<a class=\"elementor-toggle-title\" tabindex=\"0\"> BIBLIOGRAPHY<\/a>\n\t\t\t\t\t<\/div>\n\n\t\t\t\t\t<div id=\"elementor-tab-content-2441\" class=\"elementor-tab-content elementor-clearfix\" data-tab=\"1\" role=\"region\" aria-labelledby=\"elementor-tab-title-2441\"><p><strong>PAHO<\/strong><\/p><p><a href=\"https:\/\/www.paho.org\/es\/noticias\/8-4-2026-memorial-digital-pandemia-preserva-memoria-colectiva-fortalece-salud-publica\">https:\/\/www.paho.org\/es\/noticias\/8-4-2026-memorial-digital-pandemia-preserva-memoria-colectiva-fortalece-salud-publica<\/a><\/p><p><strong>UNICAMP<\/strong><\/p><p><a href=\"https:\/\/jornal.unicamp.br\/es\/noticias\/2026\/04\/06\/pesquisa-da-unicamp-da-origem-a-memorial-nacional-sobre-a-pandemia\/\">https:\/\/jornal.unicamp.br\/es\/noticias\/2026\/04\/06\/pesquisa-da-unicamp-da-origem-a-memorial-nacional-sobre-a-pandemia\/<\/a><\/p><\/div>\n\t\t\t\t<\/div>\n\t\t\t\t\t\t\t\t<\/div>\n\t\t\t\t\t\t<\/div>\n\t\t\t\t<\/div>\n\t\t\t\t\t<\/div>\n\t\t<\/div>\n\t\t\t\t\t<\/div>\n\t\t<\/section>\n\t\t\t\t<\/div>","protected":false},"excerpt":{"rendered":"<p>Brasil lanza el Memorial Digital de la Pandemia de COVID-19 para preservar la memoria de m\u00e1s de 700 mil vidas perdidas en el pa\u00eds.<\/p>","protected":false},"author":1,"featured_media":68741,"comment_status":"closed","ping_status":"closed","sticky":false,"template":"","format":"standard","meta":{"footnotes":""},"categories":[160,3396],"tags":[145],"class_list":["post-68738","post","type-post","status-publish","format-standard","has-post-thumbnail","hentry","category-noticias","category-uso-de-plataformas-digitales","tag-noticias"],"aioseo_notices":[],"_links":{"self":[{"href":"https:\/\/saluddigital.com\/en\/wp-json\/wp\/v2\/posts\/68738","targetHints":{"allow":["GET"]}}],"collection":[{"href":"https:\/\/saluddigital.com\/en\/wp-json\/wp\/v2\/posts"}],"about":[{"href":"https:\/\/saluddigital.com\/en\/wp-json\/wp\/v2\/types\/post"}],"author":[{"embeddable":true,"href":"https:\/\/saluddigital.com\/en\/wp-json\/wp\/v2\/users\/1"}],"replies":[{"embeddable":true,"href":"https:\/\/saluddigital.com\/en\/wp-json\/wp\/v2\/comments?post=68738"}],"version-history":[{"count":5,"href":"https:\/\/saluddigital.com\/en\/wp-json\/wp\/v2\/posts\/68738\/revisions"}],"predecessor-version":[{"id":68745,"href":"https:\/\/saluddigital.com\/en\/wp-json\/wp\/v2\/posts\/68738\/revisions\/68745"}],"wp:featuredmedia":[{"embeddable":true,"href":"https:\/\/saluddigital.com\/en\/wp-json\/wp\/v2\/media\/68741"}],"wp:attachment":[{"href":"https:\/\/saluddigital.com\/en\/wp-json\/wp\/v2\/media?parent=68738"}],"wp:term":[{"taxonomy":"category","embeddable":true,"href":"https:\/\/saluddigital.com\/en\/wp-json\/wp\/v2\/categories?post=68738"},{"taxonomy":"post_tag","embeddable":true,"href":"https:\/\/saluddigital.com\/en\/wp-json\/wp\/v2\/tags?post=68738"}],"curies":[{"name":"wp","href":"https:\/\/api.w.org\/{rel}","templated":true}]}}